{"id":1382,"date":"2013-07-24T22:02:48","date_gmt":"2013-07-24T20:02:48","guid":{"rendered":"http:\/\/www.cape2cape.cc\/?p=1382"},"modified":"2013-09-20T12:14:55","modified_gmt":"2013-09-20T10:14:55","slug":"17-tag-dienstag-23-07-2013-von-tasucu-turkei-nach-girne-turkische-republik-nordzypern","status":"publish","type":"post","link":"https:\/\/www.cape2cape.cc\/?p=1382","title":{"rendered":"17. Tag, 23.07.2013;  Von Tasucu\/ T\u00fcrkei nach Girne\/ T\u00fcrkische Republik Nordzypern"},"content":{"rendered":"<p>17.\u00a0 Tag, Dienstag, 23.07.2013; Von Tasucu\/ T\u00fcrkei nach Girne\/ T\u00fcrkische Republik Nordzypern<br \/>\nTemperatur: 31\u00b0 C, H\u00f6henlage: 1-5 m<br \/>\nTagesstrecke: 123 km, Gesamtstrecke: 6222 km, max. Geschwindigkeit: 42 km\/h<br \/>\nBPI: 2,0<\/p>\n<p><strong>\u201eEndlich Urlaub, endlich F\u00e4hre, endlich Wiederkehr nach Girne\u201c<\/strong><\/p>\n<p>Ein Morgen ohne Gruppenzwang. Ausschlafen, Doppelduschen, ohne Abmeldung vor dem Fr\u00fchst\u00fcck im Mittelmeer Baden gehen, selbst\u00e4ndig auf Flatrate Biertrinken, mit der Heimat telefonieren und andere Disziplinlosigkeiten werden toleriert. Fast wie Urlaub! Ugur Tugran hat uns gestern aufgegabelt, ins Herz geschlossen und in die Werbekampagne f\u00fcr sein Marina Otel eingebunden. Fairer Preis f\u00fcr exquisite Unterkunft einschlie\u00dflich \u00a0W\u00e4schewaschen und B\u00fcgeln durch Mama. Wir geben einer Journalistin ein Interview f\u00fcr die regionale Zeitung von Silifke und bereiten bei der Gelegenheit gleich noch exklusive Informationen f\u00fcr die OTZ vor. In gr\u00f6\u00dfter Mittagshitze nehmen wir dann wieder Formation auf, passieren die t\u00fcrkischen Grenzkontrollen und besteigen eine Schnellboot-F\u00e4hre. Nach zun\u00e4chst gem\u00e4\u00dfigter Fahrt kommt das Boot dann doch in typische Bewegungen, was typische Reaktionen in unseren Gleichgewichtsorganen hervorruft. Wer nicht schnell genug an Deck kommt, hat dann l\u00e4nger dran zu spucken. Das Feeling von Sonne, Wind und Gischt an Deck ist grandios. Wir entscheiden uns gegen Seekrankheit und riskieren einen Sonnenstich. Die Ankunft in Girne ist ein landschaftlicher Augenschmaus: die Silhouette der Stadt an den Ausl\u00e4ufern einer Gebirgskette, Kreuzritterburgen, mittelalterlicher Piratenhafen, moderne Segelboote, abgewrackte Schiffe. Das Flair des alten Hafens von Girne\/Kyrenia nimmt uns gefangen. Wir beschlie\u00dfen uns nicht zu wehren, zu bleiben und zu genie\u00dfen. Es werden Geschichten und Erinnerungen zu diesem historisch bedeutenden Ort ausgetauscht. Kaum einer hat nichts beizutragen. Mihat bedient uns nicht nur mit Getr\u00e4nken und Speisen (auf Wunsch findet der Vorspeisenteller hier besondere Erw\u00e4hnung), sondern vermittelt uns noch eine g\u00fcnstige Bleibe in einem Guesthouse unweit des Hafens. Auf dessen Dachterrasse gibt es einen fantastischen Blick \u00fcber die Altstadt und abschlie\u00dfende Getr\u00e4nke.<\/p>\n<p>Die \u201eEins\u201c<\/p>\n<p style=\"text-align: center;\"><a title=\"P1000982 von regen.cape bei Flickr\" href=\"http:\/\/www.flickr.com\/photos\/97717889@N02\/9376062054\/\"><img loading=\"lazy\" decoding=\"async\" alt=\"P1000982\" src=\"http:\/\/farm6.staticflickr.com\/5337\/9376062054_2804d2bf98_m.jpg\" width=\"240\" height=\"135\" \/><\/a> <a title=\"P1000985 von regen.cape bei Flickr\" href=\"http:\/\/www.flickr.com\/photos\/97717889@N02\/9376070186\/\"><img loading=\"lazy\" decoding=\"async\" alt=\"P1000985\" src=\"http:\/\/farm3.staticflickr.com\/2810\/9376070186_4facd961d2_m.jpg\" width=\"240\" height=\"135\" \/><\/a><\/p>\n<p style=\"text-align: left;\">[map style=&#8220;width: auto; height:400px; margin:20px 0px 20px 0px; border: 1px solid black;&#8220; maptype=&#8220;HYBRID&#8220; gpx=&#8220;https:\/\/www.cape2cape.cc\/wp-content\/uploads\/Move_2013_07_23_15_29_12.gpx&#8220; download=&#8220;no&#8220;]<\/p>\n","protected":false},"excerpt":{"rendered":"<p>17.\u00a0 Tag, Dienstag, 23.07.2013; Von Tasucu\/ T\u00fcrkei nach Girne\/ T\u00fcrkische Republik Nordzypern Temperatur: 31\u00b0 C, H\u00f6henlage: 1-5 m Tagesstrecke: 123 km, Gesamtstrecke: 6222 km, max. Geschwindigkeit: 42 km\/h BPI: 2,0 \u201eEndlich Urlaub, endlich F\u00e4hre, endlich Wiederkehr nach Girne\u201c Ein Morgen &hellip; <a href=\"https:\/\/www.cape2cape.cc\/?p=1382\">Weiterlesen <span class=\"meta-nav\">&rarr;<\/span><\/a><\/p>\n","protected":false},"author":20,"featured_media":0,"comment_status":"open","ping_status":"open","sticky":false,"template":"","format":"standard","meta":{"om_disable_all_campaigns":false,"_monsterinsights_skip_tracking":false,"_monsterinsights_sitenote_active":false,"_monsterinsights_sitenote_note":"","_monsterinsights_sitenote_category":0,"footnotes":""},"categories":[27],"tags":[],"class_list":["post-1382","post","type-post","status-publish","format-standard","hentry","category-tagebuch"],"aioseo_notices":[],"_links":{"self":[{"href":"https:\/\/www.cape2cape.cc\/index.php?rest_route=\/wp\/v2\/posts\/1382","targetHints":{"allow":["GET"]}}],"collection":[{"href":"https:\/\/www.cape2cape.cc\/index.php?rest_route=\/wp\/v2\/posts"}],"about":[{"href":"https:\/\/www.cape2cape.cc\/index.php?rest_route=\/wp\/v2\/types\/post"}],"author":[{"embeddable":true,"href":"https:\/\/www.cape2cape.cc\/index.php?rest_route=\/wp\/v2\/users\/20"}],"replies":[{"embeddable":true,"href":"https:\/\/www.cape2cape.cc\/index.php?rest_route=%2Fwp%2Fv2%2Fcomments&post=1382"}],"version-history":[{"count":12,"href":"https:\/\/www.cape2cape.cc\/index.php?rest_route=\/wp\/v2\/posts\/1382\/revisions"}],"predecessor-version":[{"id":1400,"href":"https:\/\/www.cape2cape.cc\/index.php?rest_route=\/wp\/v2\/posts\/1382\/revisions\/1400"}],"wp:attachment":[{"href":"https:\/\/www.cape2cape.cc\/index.php?rest_route=%2Fwp%2Fv2%2Fmedia&parent=1382"}],"wp:term":[{"taxonomy":"category","embeddable":true,"href":"https:\/\/www.cape2cape.cc\/index.php?rest_route=%2Fwp%2Fv2%2Fcategories&post=1382"},{"taxonomy":"post_tag","embeddable":true,"href":"https:\/\/www.cape2cape.cc\/index.php?rest_route=%2Fwp%2Fv2%2Ftags&post=1382"}],"curies":[{"name":"wp","href":"https:\/\/api.w.org\/{rel}","templated":true}]}}